{"id":60,"date":"2026-03-21T08:13:42","date_gmt":"2026-03-21T08:13:42","guid":{"rendered":"https:\/\/muteborg.se\/?p=60"},"modified":"2026-03-22T12:29:05","modified_gmt":"2026-03-22T12:29:05","slug":"nar-hr-blir-en-enmansdeckare-nu-med-bevis-som-anda-ingen-hittar","status":"publish","type":"post","link":"https:\/\/muteborg.se\/index.php\/2026\/03\/21\/nar-hr-blir-en-enmansdeckare-nu-med-bevis-som-anda-ingen-hittar\/","title":{"rendered":"N\u00e4r HR blir en enmansdeckare nu med bevis som \u00e4nd\u00e5 ingen hittar"},"content":{"rendered":"\n<p>Det b\u00f6rjade som en helt vanlig fredag i den kommunala f\u00f6rvaltningens trygga dimma av m\u00f6ten, mejltr\u00e5dar och otydliga ansvarsf\u00f6rdelningar. N\u00e5gon hade n\u00e4mligen kommit p\u00e5 den radikala id\u00e9n att det kunde vara bra att faktiskt hitta en kr\u00e4nkningsanm\u00e4lan om s\u00e4rbehandling som\u2026 ja, existerade.<\/p>\n\n\n\n<p>Problemet var bara att ingen visste var den var.<\/p>\n\n\n\n<p>Eller r\u00e4ttare sagt: ingen internt visste var den var.<\/p>\n\n\n\n<p>Enligt uppgifter fr\u00e5n P3 F\u00f6retagsh\u00e4lsov\u00e5rd fanns anm\u00e4lan n\u00e4mligen inte alls i n\u00e5got mystiskt svart h\u00e5l. Den hade delats. I kundportalen. Med uppdragsgivaren. Det vill s\u00e4ga: F\u00f6rvaltningen f\u00f6r funktionsst\u00f6d.<\/p>\n\n\n\n<p>Det \u00e4r h\u00e4r det b\u00f6rjar bli riktigt imponerande.<\/p>\n\n\n\n<p>F\u00f6rvaltningen, som i sina policydokument g\u00e4rna betonar vikten av ordning, sp\u00e5rbarhet och ansvar, hade allts\u00e5 f\u00e5tt tillg\u00e5ng till dokumentet. Digitalt. Delat. Klart och tydligt. Och \u00e4nd\u00e5 lyckats\u2026 inte hitta det.<\/p>\n\n\n\n<p>Enter: den f\u00f6re detta anst\u00e4llde. Inte l\u00e4ngre en del av organisationen, inte l\u00e4ngre avl\u00f6nad, men tydligen fortfarande den enda personen som kunde navigera verkligheten. Med andra ord: perfekt l\u00e4mpad att agera HR-deckare i ett system d\u00e4r kartan inte riktigt st\u00e4mmer \u00f6verens med terr\u00e4ngen.<\/p>\n\n\n\n<p>Bev\u00e4pnad med gamla mejl, sk\u00e4rmdumpar och ett allt tunnare t\u00e5lamod b\u00f6rjade jakten. Och mycket riktigt: d\u00e4r l\u00e5g det. I portalen. Precis d\u00e4r det enligt uppgift hade placerats fr\u00e5n b\u00f6rjan.<\/p>\n\n\n\n<p>Man kan tycka att detta borde vara slutet p\u00e5 historien. Ett \u201coj d\u00e5\u201d, kanske en snabb urs\u00e4kt, f\u00f6ljt av en f\u00f6rb\u00e4ttring av rutinerna.<\/p>\n\n\n\n<p>Men det vore att underskatta kraften i organisatorisk f\u00f6rnekelse.<\/p>\n\n\n\n<p>Ist\u00e4llet uppst\u00e5r en m\u00e4rklig situation d\u00e4r verkligheten \u2013 att dokumentet faktiskt delats samexisterar med upplevelsen av att det \u201csaknas\u201d. Lite som Schr\u00f6dingers kr\u00e4nkningsanm\u00e4lan: b\u00e5de borta och tillg\u00e4nglig, beroende p\u00e5 vem som tittar.<\/p>\n\n\n\n<p>Under tiden forts\u00e4tter verksamheten. M\u00f6ten h\u00e5lls. V\u00e4rdegrundsord cirkulerar i luften som v\u00e4lparfymerad dimma. Och n\u00e5gonstans i en kundportal ligger ett dokument och undrar hur det blev huvudperson i en administrativ detektivhistoria.<\/p>\n\n\n\n<p>Den f\u00f6re detta anst\u00e4llde kan till slut luta sig tillbaka. Fallet \u00e4r l\u00f6st. Inte tack vare systemet. Inte tack vare rutinerna. Utan tack vare att n\u00e5gon utanf\u00f6r organisationen gjorde jobbet.<\/p>\n\n\n\n<p>Och f\u00f6rvaltningen?<\/p>\n\n\n\n<p>De bokar ett m\u00f6te.<\/p>\n\n\n\n<p>Med en Powerpoint.<\/p>\n\n\n\n<p>Nu sitter man h\u00e4r och v\u00e4ntar p\u00e5 uppl\u00f6sningen av fallet n\u00e4stan som en d\u00e5lig deckare som v\u00e4grar ta slut<br><br><br><strong>Jimmy Steffensen<\/strong><br><br><\/p>\n\n\n\n<figure class=\"wp-block-image size-full\"><img loading=\"lazy\" decoding=\"async\" width=\"745\" height=\"355\" src=\"https:\/\/muteborg.se\/wp-content\/uploads\/2026\/03\/Skarmbild-2026-03-19-145842.png\" alt=\"\" class=\"wp-image-65\" srcset=\"https:\/\/muteborg.se\/wp-content\/uploads\/2026\/03\/Skarmbild-2026-03-19-145842.png 745w, https:\/\/muteborg.se\/wp-content\/uploads\/2026\/03\/Skarmbild-2026-03-19-145842-300x143.png 300w\" sizes=\"auto, (max-width: 745px) 100vw, 745px\" \/><\/figure>\n\n\n\n<figure class=\"wp-block-image size-full\"><img loading=\"lazy\" decoding=\"async\" width=\"668\" height=\"213\" src=\"https:\/\/muteborg.se\/wp-content\/uploads\/2026\/03\/Skarmbild-2026-03-19-165531.png\" alt=\"\" class=\"wp-image-66\" srcset=\"https:\/\/muteborg.se\/wp-content\/uploads\/2026\/03\/Skarmbild-2026-03-19-165531.png 668w, https:\/\/muteborg.se\/wp-content\/uploads\/2026\/03\/Skarmbild-2026-03-19-165531-300x96.png 300w\" sizes=\"auto, (max-width: 668px) 100vw, 668px\" \/><\/figure>\n\n\n\n<p>Det st\u00e4mmer ju att utredningen inte \u00e4r allm\u00e4n handling om den ligger tryggt och myser i ett <strong>privat f\u00f6retags system\u2026<\/strong> lite som en katt som v\u00e4grar g\u00e5 ut i regnet. <\/p>\n\n\n\n<p>Men man kan ju alltid hoppas att n\u00e5gon klickar p\u00e5 \u201cladda ner\u201d av ren nyfikenhet \u2013 eller kanske av klassisk svensk \u201cdet h\u00e4r borde jag nog titta p\u00e5\u201d-instinkt.<\/p>\n\n\n\n<p>Man kan ju inte l\u00e5ta bli att undra: vad \u00e4r det egentligen som g\u00f6mmer sig d\u00e4r inne? <strong>\u00c4r det n\u00e5got riktigt saftigt\u2026 eller bara 300 sidor m\u00f6tesanteckningar och kaffeprat?<\/strong><\/p>\n\n\n\n<p><strong>Utredning starta<\/strong>r 2024 &#8211; 11 &#8211; 27<\/p>\n\n\n\n<figure class=\"wp-block-image size-full\"><img loading=\"lazy\" decoding=\"async\" width=\"774\" height=\"133\" src=\"https:\/\/muteborg.se\/wp-content\/uploads\/2026\/03\/Skarmbild-2026-03-22-121441.png\" alt=\"\" class=\"wp-image-67\" srcset=\"https:\/\/muteborg.se\/wp-content\/uploads\/2026\/03\/Skarmbild-2026-03-22-121441.png 774w, https:\/\/muteborg.se\/wp-content\/uploads\/2026\/03\/Skarmbild-2026-03-22-121441-300x52.png 300w, https:\/\/muteborg.se\/wp-content\/uploads\/2026\/03\/Skarmbild-2026-03-22-121441-768x132.png 768w\" sizes=\"auto, (max-width: 774px) 100vw, 774px\" \/><\/figure>\n\n\n\n<p><strong>Just nu ligger mitt \u00e4rende i h\u00e4nderna p\u00e5 en f\u00f6rvaltningsjurist, vilket i praktiken betyder att det r\u00f6r sig fram\u00e5t i ungef\u00e4r samma tempo som en kontinent glider \u00f6ver jordskorpan\u2026 men hey, det <em>r\u00f6r sig<\/em> i alla fall. <\/strong><br><\/p>\n\n\n\n<p>Enligt f\u00f6retagets rutiner verkar handlingarna ha en imponerande \u00f6verlevnadsf\u00f6rm\u00e5ga de ligger kvar i systemet i hela 24 m\u00e5nader.<br>Det vill s\u00e4ga\u2026 s\u00e5 l\u00e4nge ingen f\u00e5r feeling och trycker p\u00e5 <strong>\u201cradera\u201d<\/strong>.<br>S\u00e5 i praktiken: dokumenten \u00e4r <strong>od\u00f6dliga \u2013 tills n\u00e5gon hittar r\u00e4tt knapp<\/strong>.<\/p>\n\n\n\n<h2 class=\"wp-block-heading\">H\u00e4r kan du l\u00e4sa om G\u00f6teborgs stads regler vid utredningar av kr\u00e4nkande s\u00e4rbehandling.<\/h2>\n\n\n\n<p>Man kan ju bara undra\u2026 \u00e4r det n\u00e5gon som faktiskt har koll p\u00e5 dem ocks\u00e5, eller ligger de mest d\u00e4r och myser tillsammans med alla andra dokument?<br>K\u00e4lla:<a href=\"https:\/\/goteborg.se\/wps\/portal\/start\/kommun-och-politik\/styrande-dokument-i-goteborgs-stad\/sok-styrande-dokument-i-goteborgs-stad\">https:\/\/goteborg.se\/wps\/portal\/start\/kommun-och-politik\/styrande-dokument-i-goteborgs-stad\/sok-styrande-dokument-i-goteborgs-stad<\/a><\/p>\n\n\n\n<div data-wp-interactive=\"core\/file\" class=\"wp-block-file\"><object data-wp-bind--hidden=\"!state.hasPdfPreview\" hidden class=\"wp-block-file__embed\" data=\"https:\/\/muteborg.se\/wp-content\/uploads\/2026\/03\/C12574360024D6C7WEBVDD937N-1.pdf\" type=\"application\/pdf\" style=\"width:100%;height:600px\" aria-label=\"Inb\u00e4ddning av C12574360024D6C7WEBVDD937N (1).\"><\/object><a id=\"wp-block-file--media-b286ca36-a51a-4b29-9bb2-264f4a13adda\" href=\"https:\/\/muteborg.se\/wp-content\/uploads\/2026\/03\/C12574360024D6C7WEBVDD937N-1.pdf\">C12574360024D6C7WEBVDD937N (1)<\/a><a href=\"https:\/\/muteborg.se\/wp-content\/uploads\/2026\/03\/C12574360024D6C7WEBVDD937N-1.pdf\" class=\"wp-block-file__button wp-element-button\" download aria-describedby=\"wp-block-file--media-b286ca36-a51a-4b29-9bb2-264f4a13adda\">Ladda ner<\/a><\/div>\n","protected":false},"excerpt":{"rendered":"<p>Det b\u00f6rjade som en helt vanlig fredag i den kommunala f\u00f6rvaltningens trygga dimma av m\u00f6ten, mejltr\u00e5dar och otydliga ansvarsf\u00f6rdelningar. N\u00e5gon hade n\u00e4mligen kommit p\u00e5 den radikala id\u00e9n att det kunde vara bra att faktiskt hitta en kr\u00e4nkningsanm\u00e4lan om s\u00e4rbehandling som\u2026 ja, existerade. Problemet var bara att ingen visste var den var. Eller r\u00e4ttare sagt: ingen [&hellip;]<\/p>\n","protected":false},"author":1,"featured_media":61,"comment_status":"open","ping_status":"open","sticky":false,"template":"","format":"standard","meta":{"footnotes":""},"categories":[6,7],"tags":[],"class_list":["post-60","post","type-post","status-publish","format-standard","has-post-thumbnail","hentry","category-forvaltningen-for-funktionsstod","category-granskning"],"_links":{"self":[{"href":"https:\/\/muteborg.se\/index.php\/wp-json\/wp\/v2\/posts\/60","targetHints":{"allow":["GET"]}}],"collection":[{"href":"https:\/\/muteborg.se\/index.php\/wp-json\/wp\/v2\/posts"}],"about":[{"href":"https:\/\/muteborg.se\/index.php\/wp-json\/wp\/v2\/types\/post"}],"author":[{"embeddable":true,"href":"https:\/\/muteborg.se\/index.php\/wp-json\/wp\/v2\/users\/1"}],"replies":[{"embeddable":true,"href":"https:\/\/muteborg.se\/index.php\/wp-json\/wp\/v2\/comments?post=60"}],"version-history":[{"count":12,"href":"https:\/\/muteborg.se\/index.php\/wp-json\/wp\/v2\/posts\/60\/revisions"}],"predecessor-version":[{"id":83,"href":"https:\/\/muteborg.se\/index.php\/wp-json\/wp\/v2\/posts\/60\/revisions\/83"}],"wp:featuredmedia":[{"embeddable":true,"href":"https:\/\/muteborg.se\/index.php\/wp-json\/wp\/v2\/media\/61"}],"wp:attachment":[{"href":"https:\/\/muteborg.se\/index.php\/wp-json\/wp\/v2\/media?parent=60"}],"wp:term":[{"taxonomy":"category","embeddable":true,"href":"https:\/\/muteborg.se\/index.php\/wp-json\/wp\/v2\/categories?post=60"},{"taxonomy":"post_tag","embeddable":true,"href":"https:\/\/muteborg.se\/index.php\/wp-json\/wp\/v2\/tags?post=60"}],"curies":[{"name":"wp","href":"https:\/\/api.w.org\/{rel}","templated":true}]}}