{"id":30,"date":"2026-03-08T12:14:15","date_gmt":"2026-03-08T12:14:15","guid":{"rendered":"https:\/\/muteborg.se\/?p=30"},"modified":"2026-03-08T13:07:51","modified_gmt":"2026-03-08T13:07:51","slug":"har-hittar-du-lankar-till-granskningar-av-forvaltningen-for-funktionsstod","status":"publish","type":"post","link":"https:\/\/muteborg.se\/index.php\/2026\/03\/08\/har-hittar-du-lankar-till-granskningar-av-forvaltningen-for-funktionsstod\/","title":{"rendered":"H\u00e4r hittar du l\u00e4nkar till granskningar av F\u00f6rvaltningen f\u00f6r funktionsst\u00f6d."},"content":{"rendered":"\n<p><\/p>\n\n\n\n<h1 class=\"wp-block-heading\">Bajs \u00f6verallt och stryptag mot anst\u00e4llda \u2013 cheferna p\u00e5 LSS-boendet skyller p\u00e5 personalen<\/h1>\n\n\n\n<p>Personal som n\u00e4stan blev strypt till d\u00f6ds av brukare och intorkad avf\u00f6ring p\u00e5 b\u00e5de m\u00f6bler och i de boendes k\u00f6k. P\u00e5 det kommunala LSS-boendet i G\u00f6teborg har personalen slagit larm om missf\u00f6rh\u00e5llanden i flera \u00e5r. Chefernas svar: Det \u00e4r personalen som inte sk\u00f6ter sitt jobb.<br><br>K\u00e4lla:<strong>arbetet.se<\/strong><br>L\u00e4nk:<a href=\"https:\/\/arbetet.se\/2025\/05\/21\/bajs-overallt-och-stryptag-mot-anstallda-cheferna-pa-lss-boendet-skyller-pa-personalen\/\">https:\/\/arbetet.se\/2025\/05\/21\/bajs-overallt-och-stryptag-mot-anstallda-cheferna-pa-lss-boendet-skyller-pa-personalen\/<\/a><br><br><\/p>\n\n\n\n<h2 class=\"wp-block-heading\">Vanv\u00e5rden p\u00e5 Hundra\u00e5rsgatan: Personal l\u00e4mnade hj\u00e4rnskadade i&nbsp;avf\u00f6ring<\/h2>\n\n\n\n<p>De har drabbats av en hj\u00e4rnskada och bor p\u00e5 serviceboendet f\u00f6r att f\u00e5 omsorg. Ist\u00e4llet l\u00e5ter personalen dem ligga i sin egen avf\u00f6ring hela n\u00e4tter och larmen s\u00e4tts p\u00e5 ljudl\u00f6st eller g\u00f6ms undan. Det dr\u00f6jer \u00e5r innan personalen tvingas bort.<br><br>K\u00e4lla:<strong>sverigesradio.se<\/strong><br>L\u00e4nk:<a href=\"https:\/\/www.sverigesradio.se\/avsnitt\/vanvarden-pa-hundraarsgatan-personal-lamnade-hjarnskadade-i-sin-egen-avforing\">https:\/\/www.sverigesradio.se\/avsnitt\/vanvarden-pa-hundraarsgatan-personal-lamnade-hjarnskadade-i-sin-egen-avforing<\/a><br><br><\/p>\n\n\n\n<h2 class=\"wp-block-heading\">L\u00e5g med brutet ben i fem dagar \u2013&nbsp;larm fr\u00e5n boenden \u00e5r efter \u00e5r<\/h2>\n\n\n\n<p>Boende l\u00e4mnas utan hj\u00e4lp, larm ignoreras och l\u00e4karbes\u00f6k gl\u00f6ms bort. I flera \u00e5r har Lex Sarah-utredningar konstaterat allvarliga missf\u00f6rh\u00e5llanden p\u00e5 boenden med s\u00e4rskild service i G\u00f6teborg.<\/p>\n\n\n\n<p>K\u00e4lla:<strong>sverigesradio.se<\/strong><br>L\u00e4nk:<a href=\"https:\/\/www.sverigesradio.se\/artikel\/brister-pa-boenden-i-goteborg-larm-tas-inte-pa-allvar\">https:\/\/www.sverigesradio.se\/artikel\/brister-pa-boenden-i-goteborg-larm-tas-inte-pa-allvar<\/a><\/p>\n\n\n\n<p><\/p>\n\n\n\n<h2 class=\"wp-block-heading\">Bosses h\u00f6rapparater la av p\u00e5 boendet&nbsp;\u2013 hj\u00e4lp dr\u00f6jde \u00f6ver&nbsp;ett \u00e5r<\/h2>\n\n\n\n<p>Kort efter att Bosse flyttade in p\u00e5 ett serviceboende i G\u00f6teborg 2021 laddade batterierna i hans h\u00f6rapparater ur. Det tog \u00f6ver ett \u00e5r innan personalen hj\u00e4lpte honom att byta dem.<br><br>K\u00e4lla:<strong>sverigesradio.se<\/strong><br>L\u00e4nk:<a href=\"https:\/\/www.sverigesradio.se\/artikel\/bosse-fick-ingen-hjalp-med-sin-horapparat-pa-sitt-boende\">https:\/\/www.sverigesradio.se\/artikel\/bosse-fick-ingen-hjalp-med-sin-horapparat-pa-sitt-boende<\/a><br><\/p>\n\n\n\n<h2 class=\"wp-block-heading\"><br>13 boenden mer anm\u00e4lda \u00e4n skandalboendet \u2013 tusentals missar<\/h2>\n\n\n\n<p>Under 2025 dokumenterar personalen bland annat att en boende fortfarande inte hade f\u00e5tt komma upp ur s\u00e4ngen vid 16.00. I en annan anteckning framg\u00e5r att en person inte f\u00e5tt sitt inkontinensskydd bytt p\u00e5 kv\u00e4llen och d\u00e4rf\u00f6r legat i sin egen avf\u00f6ring under natten.<br><\/p>\n\n\n\n<p>K\u00e4lla<strong>:sverigesradio.se<\/strong><br>L\u00e4nk:<a href=\"https:\/\/www.sverigesradio.se\/artikel\/boenden-i-goteborg-har-fler-anmalningar-an-hundraarsgatan\">https:\/\/www.sverigesradio.se\/artikel\/boenden-i-goteborg-har-fler-anmalningar-an-hundraarsgatan<\/a><br><br><\/p>\n\n\n\n<h2 class=\"wp-block-heading\">M\u00f6glig mat&nbsp;l\u00e4mnas i kylen i m\u00e5nader&nbsp;\u2013 gode mannen f\u00f6rf\u00e4rad<\/h2>\n\n\n\n<p>Ingen \u00f6ppnar n\u00e4r hon ringer p\u00e5, m\u00f6glig mat l\u00e4mnas i kylsk\u00e5pet i m\u00e5nader och krukv\u00e4xterna d\u00f6r f\u00f6r ingen vattnar dem. I&nbsp;<a href=\"https:\/\/www.sverigesradio.se\/artikel\/brister-pa-boenden-i-goteborg-larm-tas-inte-pa-allvar\">P4 G\u00f6teborgs granskning<\/a>&nbsp;har vi bland annat ber\u00e4ttat hur boende l\u00e4mnas utan hj\u00e4lp och blir av med pengar, problem som Janet Granhage k\u00e4nner igen.<br><br>K\u00e4lla:<strong>sverigesradio.se<\/strong><br>L\u00e4nk:<a href=\"https:\/\/www.sverigesradio.se\/artikel\/gode-mannen-janet-granhage-kritisk-till-goteborgs-boenden\">https:\/\/www.sverigesradio.se\/artikel\/gode-mannen-janet-granhage-kritisk-till-goteborgs-boenden<\/a><\/p>\n\n\n\n<p><br><\/p>\n\n\n\n<h2 class=\"wp-block-heading\">P\u00e5 F\u00f6rvaltningen f\u00f6r funktionsst\u00f6d i G\u00f6teborg har 53 personer k\u00f6pts ut fr\u00e5n s\u00e4rskilda boenden de senaste tre \u00e5ren. Det motsvarar ett utk\u00f6p var tredje vecka.<\/h2>\n\n\n\n<p>Mikael Ivarsson, tillf\u00f6rordnad chef sedan september 2025, \u00e4r kritisk till brister i dokumentationen kring missk\u00f6tsamhet.<\/p>\n\n\n\n<p>K\u00e4lla:<strong>sverigesradio.se<\/strong><br>L\u00e4nk:<a href=\"https:\/\/www.sverigesradio.se\/artikel\/anstallda-har-kopts-ut-fran-sarskilda-boenden-i-goteborg\">https:\/\/www.sverigesradio.se\/artikel\/anstallda-har-kopts-ut-fran-sarskilda-boenden-i-goteborg<\/a><br><\/p>\n\n\n\n<h2 class=\"wp-block-heading\">S\u00f6nderslagna t\u00e4nder och sparkar \u2013 G\u00f6teborg anm\u00e4lde inte v\u00e5ld mot personal<\/h2>\n\n\n\n<p>Personal p\u00e5 ett LSS-boende i G\u00f6teborg f\u00e5r huvudet bankat mot h\u00e5rda ytor och delar av sina t\u00e4nder avslagna. Trots det har kommunen dr\u00f6jt upp till tv\u00e5 \u00e5r med att anm\u00e4la mer \u00e4n 100 arbetsskador.<br>\u2013 Vi g\u00e5r till arbetet varje dag med livet som insats, s\u00e4ger skyddsombudet Bibbi Larsen.<br><br>K\u00e4lla<strong>:arbetet.se<\/strong><br>L\u00e4nk:<a href=\"https:\/\/arbetet.se\/2025\/12\/05\/sonderslagna-tander-och-sparkar-goteborg-anmalde-inte-vald-mot-personal\/\">https:\/\/arbetet.se\/2025\/12\/05\/sonderslagna-tander-och-sparkar-goteborg-anmalde-inte-vald-mot-personal\/<\/a><\/p>\n\n\n\n<h2 class=\"wp-block-heading\"><a href=\"https:\/\/www.instagram.com\/dagens_nyheter\/\" target=\"_blank\" rel=\"noreferrer noopener\"><\/a><\/h2>\n\n\n\n<h2 class=\"wp-block-heading\">Segal Mohamed, 29, \u00e4r f\u00f6rlamad och bor p\u00e5 ett LSS-boende i G\u00f6teborg som har anm\u00e4lts till Ivo efter omfattande brister.<\/h2>\n\n\n\n<p>Hon \u00e4r en av f\u00e5 p\u00e5 boendet som kan prata. Nu ber\u00e4ttar Segal om \u00f6vergrepp, att bli fastsp\u00e4nd i s\u00e4ngen och att inte bli lyssnad p\u00e5.<\/p>\n\n\n\n<p>K\u00e4lla:<strong>dn.se<\/strong><br>Betal sida <br>L\u00e4nk:<a href=\"https:\/\/www.dn.se\/sverige\/segal-29-om-bristerna-pa-lss-boendet-kan-i-alla-fall-prata\/\">https:\/\/www.dn.se\/sverige\/segal-29-om-bristerna-pa-lss-boendet-kan-i-alla-fall-prata\/<\/a><\/p>\n\n\n\n<p><br><\/p>\n\n\n\n<p><strong>H\u00e4r hittar du n\u00e4mndhandlingar:<\/strong><br><a href=\"https:\/\/goteborg.se\/wps\/portal\/start\/kommun-och-politik\/handlingar-och-protokoll\/namndhandlingar\/valj-namnd-och-ar\">https:\/\/goteborg.se\/wps\/portal\/start\/kommun-och-politik\/handlingar-och-protokoll\/namndhandlingar\/valj-namnd-och-ar<\/a><\/p>\n","protected":false},"excerpt":{"rendered":"<p>Bajs \u00f6verallt och stryptag mot anst\u00e4llda \u2013 cheferna p\u00e5 LSS-boendet skyller p\u00e5 personalen Personal som n\u00e4stan blev strypt till d\u00f6ds av brukare och intorkad avf\u00f6ring p\u00e5 b\u00e5de m\u00f6bler och i de boendes k\u00f6k. P\u00e5 det kommunala LSS-boendet i G\u00f6teborg har personalen slagit larm om missf\u00f6rh\u00e5llanden i flera \u00e5r. Chefernas svar: Det \u00e4r personalen som inte [&hellip;]<\/p>\n","protected":false},"author":1,"featured_media":36,"comment_status":"open","ping_status":"open","sticky":false,"template":"","format":"standard","meta":{"footnotes":""},"categories":[6,7],"tags":[],"class_list":["post-30","post","type-post","status-publish","format-standard","has-post-thumbnail","hentry","category-forvaltningen-for-funktionsstod","category-granskning"],"_links":{"self":[{"href":"https:\/\/muteborg.se\/index.php\/wp-json\/wp\/v2\/posts\/30","targetHints":{"allow":["GET"]}}],"collection":[{"href":"https:\/\/muteborg.se\/index.php\/wp-json\/wp\/v2\/posts"}],"about":[{"href":"https:\/\/muteborg.se\/index.php\/wp-json\/wp\/v2\/types\/post"}],"author":[{"embeddable":true,"href":"https:\/\/muteborg.se\/index.php\/wp-json\/wp\/v2\/users\/1"}],"replies":[{"embeddable":true,"href":"https:\/\/muteborg.se\/index.php\/wp-json\/wp\/v2\/comments?post=30"}],"version-history":[{"count":4,"href":"https:\/\/muteborg.se\/index.php\/wp-json\/wp\/v2\/posts\/30\/revisions"}],"predecessor-version":[{"id":44,"href":"https:\/\/muteborg.se\/index.php\/wp-json\/wp\/v2\/posts\/30\/revisions\/44"}],"wp:featuredmedia":[{"embeddable":true,"href":"https:\/\/muteborg.se\/index.php\/wp-json\/wp\/v2\/media\/36"}],"wp:attachment":[{"href":"https:\/\/muteborg.se\/index.php\/wp-json\/wp\/v2\/media?parent=30"}],"wp:term":[{"taxonomy":"category","embeddable":true,"href":"https:\/\/muteborg.se\/index.php\/wp-json\/wp\/v2\/categories?post=30"},{"taxonomy":"post_tag","embeddable":true,"href":"https:\/\/muteborg.se\/index.php\/wp-json\/wp\/v2\/tags?post=30"}],"curies":[{"name":"wp","href":"https:\/\/api.w.org\/{rel}","templated":true}]}}