{"id":136,"date":"2026-04-15T06:04:48","date_gmt":"2026-04-15T06:04:48","guid":{"rendered":"https:\/\/muteborg.se\/?p=136"},"modified":"2026-04-15T06:06:36","modified_gmt":"2026-04-15T06:06:36","slug":"felaktiga-uppgifter-om-luftkontroll-pa-klava-bmss-har-lamnats-till-myndigheter","status":"publish","type":"post","link":"https:\/\/muteborg.se\/index.php\/2026\/04\/15\/felaktiga-uppgifter-om-luftkontroll-pa-klava-bmss-har-lamnats-till-myndigheter\/","title":{"rendered":"Felaktiga uppgifter om luftkontroll p\u00e5 Kl\u00e5va BMSS har l\u00e4mnats till myndigheter"},"content":{"rendered":"\n<h3 class=\"wp-block-heading\">Felaktiga uppgifter om luftkontroll p\u00e5 Kl\u00e5va BMSS har l\u00e4mnats till myndigheter<\/h3>\n\n\n\n<p>Det har l\u00e4mnats felaktiga uppgifter till Inspektionen f\u00f6r v\u00e5rd och omsorg (IVO) och Arbetsmilj\u00f6verket om att luften p\u00e5 Kl\u00e5va BMSS har kontrollerats.<\/p>\n\n\n\n<p>Efter en genomg\u00e5ng av dokumentation fr\u00e5n F\u00f6rvaltningen f\u00f6r funktionsst\u00f6d framkommer att det inte finns n\u00e5gra m\u00e4tprotokoll eller tekniska underlag som styrker att en luftm\u00e4tning har genomf\u00f6rts. Granskningen visar att det helt saknas dokumentation som normalt kr\u00e4vs f\u00f6r att verifiera en kontroll av luftkvaliteten.<\/p>\n\n\n\n<p>Den enda uppgift som kunnat identifieras \u00e4r en kort notering daterad den 2 februari 2024. D\u00e4r anges enbart att \u201clukten \u00e4r godk\u00e4nd utan anm\u00e4rkningar\u201d. N\u00e5gon mer omfattande analys av luftkvaliteten tycks inte ha genomf\u00f6rts.<\/p>\n\n\n\n<p>En s\u00e5dan notering kan inte likst\u00e4llas med en faktisk luftkontroll. Inom arbetsmilj\u00f6omr\u00e5det kr\u00e4vs normalt m\u00e4tningar av exempelvis ventilation, partiklar och eventuella kemiska \u00e4mnen f\u00f6r att kunna g\u00f6ra en tillf\u00f6rlitlig bed\u00f6mning av inomhusluften. Enbart en bed\u00f6mning av lukt \u00e4r inte tillr\u00e4cklig.<\/p>\n\n\n\n<p>Trots avsaknaden av dokumentation har uppgifter l\u00e4mnats till myndigheter som ger intryck av att luften har kontrollerats och godk\u00e4nts. Det inneb\u00e4r att Inspektionen f\u00f6r v\u00e5rd och omsorg och Arbetsmilj\u00f6verket kan ha f\u00e5tt en felaktig bild av situationen.<\/p>\n\n\n\n<p>Fr\u00e5gan \u00e4r allvarlig eftersom b\u00e5de boende och personal vistas i lokalerna dagligen. Korrekt och verifierbar information till tillsynsmyndigheter \u00e4r avg\u00f6rande f\u00f6r att s\u00e4kerst\u00e4lla en trygg och s\u00e4ker milj\u00f6.<\/p>\n\n\n\n<figure class=\"wp-block-image size-full\"><img loading=\"lazy\" decoding=\"async\" width=\"785\" height=\"766\" src=\"https:\/\/muteborg.se\/wp-content\/uploads\/2026\/04\/Skarmbild-2026-04-15-075632.jpg\" alt=\"\" class=\"wp-image-137\" srcset=\"https:\/\/muteborg.se\/wp-content\/uploads\/2026\/04\/Skarmbild-2026-04-15-075632.jpg 785w, https:\/\/muteborg.se\/wp-content\/uploads\/2026\/04\/Skarmbild-2026-04-15-075632-300x293.jpg 300w, https:\/\/muteborg.se\/wp-content\/uploads\/2026\/04\/Skarmbild-2026-04-15-075632-768x749.jpg 768w\" sizes=\"auto, (max-width: 785px) 100vw, 785px\" \/><\/figure>\n\n\n\n<p><strong>Svar fr\u00e5n f\u00f6rvaltningen f\u00f6r funktionsst\u00f6d <\/strong><br><br>Hej!<\/p>\n\n\n\n<p>Vi har f\u00e5tt dokumentationen nedan fr\u00e5n specialister inom innemilj\u00f6 p\u00e5 stadsfastighetsf\u00f6rvaltningen:<\/p>\n\n\n\n<p>2024-02-02 Vi har varit p\u00e5 plats, pratat med personal och kontaktperson.<\/p>\n\n\n\n<p>Ventilationen g\u00e5r som den skall, \u00f6ka fl\u00f6dena \u00e4r inget vi bara g\u00f6ra.<\/p>\n\n\n\n<p>Det stank kraftigt p\u00e5 hela nederv\u00e5ningen, inget vi kan ta bort med ventilationen, det ligger p\u00e5 verksamheten att f\u00e5 bort det som luktar illa.<\/p>\n\n\n\n<p>Vi f\u00f6reslog att dom tar dit en st\u00e4dfirma\/skadeservice som sanerar och s\u00e4tter in ozonaggregat som tar bort lukten.<\/p>\n\n\n\n<p>2024-02-02<\/p>\n\n\n\n<p>Bmss boende<\/p>\n\n\n\n<p>man upplever att man har problem med m\u00e4nskliga lukter<\/p>\n\n\n\n<p>och man \u00f6nskar att vi h\u00f6jer ventilation utsug och att det kommer in mera fr\u00e4ch luft\/ventilation, personal \u00f6nskar att man g\u00f6r detta s\u00e5 snart det g\u00e5r<\/p>\n\n\n\n<p>och man har en \u00f6nskan att vi prata med personalen p\u00e5 plats f\u00f6r att f\u00e5 mera information<\/p>\n\n\n\n<p>Med v\u00e4nliga h\u00e4lsningar<br>Moa Ohlsson<br>Tillf\u00f6rordnad f\u00f6rvaltningsdirekt\u00f6r<\/p>\n\n\n\n<p>G\u00d6TEBORGS STAD<\/p>\n\n\n\n<p>F\u00f6rvaltningen f\u00f6r funktionsst\u00f6d<\/p>\n\n\n\n<p>Tel: 031-3667667 Mobil: 0728-567700<\/p>\n\n\n\n<p>E-post: <a href=\"mailto:moa.ohlsson@funktionsstod.goteborg.se\">moa.ohlsson@funktionsstod.goteborg.se<\/a><\/p>\n\n\n\n<p><strong>Jimmy Steffensen<\/strong><\/p>\n\n\n\n<p><\/p>\n","protected":false},"excerpt":{"rendered":"<p>Felaktiga uppgifter om luftkontroll p\u00e5 Kl\u00e5va BMSS har l\u00e4mnats till myndigheter Det har l\u00e4mnats felaktiga uppgifter till Inspektionen f\u00f6r v\u00e5rd och omsorg (IVO) och Arbetsmilj\u00f6verket om att luften p\u00e5 Kl\u00e5va BMSS har kontrollerats. Efter en genomg\u00e5ng av dokumentation fr\u00e5n F\u00f6rvaltningen f\u00f6r funktionsst\u00f6d framkommer att det inte finns n\u00e5gra m\u00e4tprotokoll eller tekniska underlag som styrker att [&hellip;]<\/p>\n","protected":false},"author":1,"featured_media":138,"comment_status":"open","ping_status":"open","sticky":false,"template":"","format":"standard","meta":{"footnotes":""},"categories":[6,7],"tags":[],"class_list":["post-136","post","type-post","status-publish","format-standard","has-post-thumbnail","hentry","category-forvaltningen-for-funktionsstod","category-granskning"],"_links":{"self":[{"href":"https:\/\/muteborg.se\/index.php\/wp-json\/wp\/v2\/posts\/136","targetHints":{"allow":["GET"]}}],"collection":[{"href":"https:\/\/muteborg.se\/index.php\/wp-json\/wp\/v2\/posts"}],"about":[{"href":"https:\/\/muteborg.se\/index.php\/wp-json\/wp\/v2\/types\/post"}],"author":[{"embeddable":true,"href":"https:\/\/muteborg.se\/index.php\/wp-json\/wp\/v2\/users\/1"}],"replies":[{"embeddable":true,"href":"https:\/\/muteborg.se\/index.php\/wp-json\/wp\/v2\/comments?post=136"}],"version-history":[{"count":2,"href":"https:\/\/muteborg.se\/index.php\/wp-json\/wp\/v2\/posts\/136\/revisions"}],"predecessor-version":[{"id":140,"href":"https:\/\/muteborg.se\/index.php\/wp-json\/wp\/v2\/posts\/136\/revisions\/140"}],"wp:featuredmedia":[{"embeddable":true,"href":"https:\/\/muteborg.se\/index.php\/wp-json\/wp\/v2\/media\/138"}],"wp:attachment":[{"href":"https:\/\/muteborg.se\/index.php\/wp-json\/wp\/v2\/media?parent=136"}],"wp:term":[{"taxonomy":"category","embeddable":true,"href":"https:\/\/muteborg.se\/index.php\/wp-json\/wp\/v2\/categories?post=136"},{"taxonomy":"post_tag","embeddable":true,"href":"https:\/\/muteborg.se\/index.php\/wp-json\/wp\/v2\/tags?post=136"}],"curies":[{"name":"wp","href":"https:\/\/api.w.org\/{rel}","templated":true}]}}