{"id":131,"date":"2026-04-11T10:31:58","date_gmt":"2026-04-11T10:31:58","guid":{"rendered":"https:\/\/muteborg.se\/?p=131"},"modified":"2026-04-11T10:32:39","modified_gmt":"2026-04-11T10:32:39","slug":"ilska-bland-anstallda-jo-anmaler-forvaltning","status":"publish","type":"post","link":"https:\/\/muteborg.se\/index.php\/2026\/04\/11\/ilska-bland-anstallda-jo-anmaler-forvaltning\/","title":{"rendered":"Ilska bland anst\u00e4llda \u2013 JO-anm\u00e4ler f\u00f6rvaltning"},"content":{"rendered":"\n<p>Flera anst\u00e4llda inom f\u00f6rvaltningen f\u00f6r funktionsst\u00f6d sl\u00e5r nu larm och har valt att JO-anm\u00e4la sin egen arbetsgivare.<\/p>\n\n\n\n<p>Bakgrunden \u00e4r att de uppger att de inte f\u00e5r ta del av sina egna personalakter \u2013 trots upprepade f\u00f6rs\u00f6k.<\/p>\n\n\n\n<p>\u2013 Det k\u00e4nns helt orimligt. Det handlar om information om oss sj\u00e4lva, s\u00e4ger en av de anst\u00e4llda.<\/p>\n\n\n\n<p>Enligt uppgifter ska beg\u00e4ran om att f\u00e5 ut handlingar antingen ha nekats eller dragit ut p\u00e5 tiden. Nu har frustrationen vuxit sig s\u00e5 stark att flera valt att g\u00e5 vidare till Justitieombudsmannen (JO), som granskar myndigheter.<\/p>\n\n\n\n<p>Samtidigt p\u00e5g\u00e5r redan en annan granskning hos JO som r\u00f6r ett personal\u00e4rende inom samma verksamhet. D\u00e4r riktas skarp kritik mot hanteringen. Enligt uppgifter ska den ber\u00f6rda anst\u00e4llda ha f\u00e5tt ta del av handlingar f\u00f6rst efter ett \u00e5r \u2013 och d\u00e5 dessutom i anonymiserad form.<\/p>\n\n\n\n<p>De anst\u00e4llda menar att situationen skapar b\u00e5de oro och misstro.<\/p>\n\n\n\n<p>\u2013 Hur ska man kunna veta vad som st\u00e5r om en, eller f\u00f6rsvara sig, om man inte ens f\u00e5r se dokumenten? s\u00e4ger en annan anst\u00e4lld.<\/p>\n\n\n\n<p>Att f\u00e5 ta del av sin egen personalakt ses som en grundl\u00e4ggande r\u00e4ttighet. Om JO bed\u00f6mer att f\u00f6rvaltningen har agerat felaktigt kan det leda till skarp kritik.<\/p>\n\n\n\n<p>F\u00f6rvaltningen f\u00f6r funktionsst\u00f6d har \u00e4nnu inte kommenterat anm\u00e4lning<\/p>\n\n\n\n<p><strong>Jimmy Steffensen<\/strong><\/p>\n","protected":false},"excerpt":{"rendered":"<p>Flera anst\u00e4llda inom f\u00f6rvaltningen f\u00f6r funktionsst\u00f6d sl\u00e5r nu larm och har valt att JO-anm\u00e4la sin egen arbetsgivare. Bakgrunden \u00e4r att de uppger att de inte f\u00e5r ta del av sina egna personalakter \u2013 trots upprepade f\u00f6rs\u00f6k. \u2013 Det k\u00e4nns helt orimligt. Det handlar om information om oss sj\u00e4lva, s\u00e4ger en av de anst\u00e4llda. Enligt uppgifter [&hellip;]<\/p>\n","protected":false},"author":1,"featured_media":132,"comment_status":"open","ping_status":"open","sticky":false,"template":"","format":"standard","meta":{"footnotes":""},"categories":[6],"tags":[],"class_list":["post-131","post","type-post","status-publish","format-standard","has-post-thumbnail","hentry","category-forvaltningen-for-funktionsstod"],"_links":{"self":[{"href":"https:\/\/muteborg.se\/index.php\/wp-json\/wp\/v2\/posts\/131","targetHints":{"allow":["GET"]}}],"collection":[{"href":"https:\/\/muteborg.se\/index.php\/wp-json\/wp\/v2\/posts"}],"about":[{"href":"https:\/\/muteborg.se\/index.php\/wp-json\/wp\/v2\/types\/post"}],"author":[{"embeddable":true,"href":"https:\/\/muteborg.se\/index.php\/wp-json\/wp\/v2\/users\/1"}],"replies":[{"embeddable":true,"href":"https:\/\/muteborg.se\/index.php\/wp-json\/wp\/v2\/comments?post=131"}],"version-history":[{"count":2,"href":"https:\/\/muteborg.se\/index.php\/wp-json\/wp\/v2\/posts\/131\/revisions"}],"predecessor-version":[{"id":134,"href":"https:\/\/muteborg.se\/index.php\/wp-json\/wp\/v2\/posts\/131\/revisions\/134"}],"wp:featuredmedia":[{"embeddable":true,"href":"https:\/\/muteborg.se\/index.php\/wp-json\/wp\/v2\/media\/132"}],"wp:attachment":[{"href":"https:\/\/muteborg.se\/index.php\/wp-json\/wp\/v2\/media?parent=131"}],"wp:term":[{"taxonomy":"category","embeddable":true,"href":"https:\/\/muteborg.se\/index.php\/wp-json\/wp\/v2\/categories?post=131"},{"taxonomy":"post_tag","embeddable":true,"href":"https:\/\/muteborg.se\/index.php\/wp-json\/wp\/v2\/tags?post=131"}],"curies":[{"name":"wp","href":"https:\/\/api.w.org\/{rel}","templated":true}]}}