{"id":117,"date":"2026-04-05T09:00:58","date_gmt":"2026-04-05T09:00:58","guid":{"rendered":"https:\/\/muteborg.se\/?p=117"},"modified":"2026-04-05T09:18:10","modified_gmt":"2026-04-05T09:18:10","slug":"ett-system-i-kris-dar-ledningen-skyddar-sig-sjalv-och-offrar-individen","status":"publish","type":"post","link":"https:\/\/muteborg.se\/index.php\/2026\/04\/05\/ett-system-i-kris-dar-ledningen-skyddar-sig-sjalv-och-offrar-individen\/","title":{"rendered":"Ett system i kris \u2013 d\u00e4r ledningen skyddar sig sj\u00e4lv och offrar individen"},"content":{"rendered":"\n<p><\/p>\n\n\n\n<hr class=\"wp-block-separator has-alpha-channel-opacity\"\/>\n\n\n\n<p><strong>Det h\u00e4r handlar inte om en person.<\/strong><\/p>\n\n\n\n<p>Det handlar om en organisation som har tappat kontrollen.<\/p>\n\n\n\n<p>N\u00e4r personal slog larm handlade det om allvarliga missf\u00f6rh\u00e5llanden: v\u00e5ld, otrygghet, bristande st\u00f6d och en verksamhet som inte fungerade. F\u00f6rst d\u00e5 agerade tillsynsmyndigheten. Och slutsatsen var tydlig \u2013 verksamheten uppfyller inte kraven p\u00e5 god kvalitet<\/p>\n\n\n\n<p>Detta \u00e4r inte en avvikelse.<\/p>\n\n\n\n<p><strong>Det \u00e4r ett misslyckande.<\/strong><\/p>\n\n\n\n<hr class=\"wp-block-separator has-alpha-channel-opacity\"\/>\n\n\n\n<h2 class=\"wp-block-heading\"><strong>Ledningen visste \u2013 och gjorde inget<\/strong><\/h2>\n\n\n\n<p>Det mest anm\u00e4rkningsv\u00e4rda \u00e4r att problemen redan var k\u00e4nda.<\/p>\n\n\n\n<p>Organisationen har sj\u00e4lv kartlagt varf\u00f6r personal slutar. Svaret \u00e4r entydigt:<\/p>\n\n\n\n<ul class=\"wp-block-list\">\n<li>bristande ledarskap<\/li>\n\n\n\n<li>konflikter som inte hanteras<\/li>\n\n\n\n<li>fr\u00e5nvarande chefer<\/li>\n\n\n\n<li>d\u00e5lig arbetsmilj\u00f6<\/li>\n<\/ul>\n\n\n\n<p>Det \u00e4r allts\u00e5 inte brist p\u00e5 information.<\/p>\n\n\n\n<p>Det \u00e4r brist p\u00e5 ansvarstagande.<\/p>\n\n\n\n<hr class=\"wp-block-separator has-alpha-channel-opacity\"\/>\n\n\n\n<h2 class=\"wp-block-heading\"><strong>N\u00e4r systemet faller \u2013 pekar man ut en person<\/strong><\/h2>\n\n\n\n<p>Vad g\u00f6r man n\u00e4r ledningen misslyckas?<\/p>\n\n\n\n<p>I det h\u00e4r fallet: man startar en personalutredning.<\/p>\n\n\n\n<p>Och pl\u00f6tsligt handlar allt om en individ.<\/p>\n\n\n\n<p>Det \u00e4r en klassisk strategi.<\/p>\n\n\n\n<p>Flytta fokus.<br>Skydda strukturen.<br>Peka ut n\u00e5gon annan.<\/p>\n\n\n\n<h2 class=\"wp-block-heading\"><br><strong>Tre m\u00e5nader av tystnad \u2013 det \u00e4r inte ledarskap, det \u00e4r \u00f6vergivande<\/strong><\/h2>\n\n\n\n<p>En anst\u00e4lld st\u00e4ngs av i 90 dagar.<\/p>\n\n\n\n<p>Ingen kontakt.<\/p>\n\n\n\n<p>Ingen dialog.<\/p>\n\n\n\n<p>Ingen \u00e5terkoppling.<\/p>\n\n\n\n<p>Detta \u00e4r inte bara oprofessionellt.<\/p>\n\n\n\n<p>Det \u00e4r ett grovt \u00e5sidos\u00e4ttande av arbetsgivaransvaret.<\/p>\n\n\n\n<p>Arbetsmilj\u00f6ansvaret g\u00e4ller \u00e4ven n\u00e4r det \u00e4r obekv\u00e4mt. S\u00e4rskilt d\u00e5.<\/p>\n\n\n\n<h2 class=\"wp-block-heading\"><br><strong>N\u00e4r sanningen h\u00e5lls tillbaka<\/strong><\/h2>\n\n\n\n<p>Samtidigt v\u00e4gras b\u00e5de den anst\u00e4llde och facket tillg\u00e5ng till handlingar.<\/p>\n\n\n\n<p>Detta inneb\u00e4r att:<\/p>\n\n\n\n<ul class=\"wp-block-list\">\n<li>ingen kan f\u00f6rsvara sig<\/li>\n\n\n\n<li>ingen kan kontrollera uppgifterna<\/li>\n\n\n\n<li>ingen kan granska processen<\/li>\n<\/ul>\n\n\n\n<p>Detta \u00e4r inte bara bristande hantering.<\/p>\n\n\n\n<p>Det \u00e4r ett haveri i r\u00e4ttss\u00e4kerhet.<\/p>\n\n\n\n<p>Och det \u00e4r f\u00f6rst nu \u2013 efter ett \u00e5r \u2013 som handlingar b\u00f6rjar l\u00e4mnas ut.<\/p>\n\n\n\n<p>Inte f\u00f6r att systemet fungerat.<\/p>\n\n\n\n<p>Utan f\u00f6r att n\u00e5gon v\u00e4grat ge upp.<\/p>\n\n\n\n<h2 class=\"wp-block-heading\"><br><strong>N\u00e4r en individ g\u00f6r det systemet inte klarar<\/strong><\/h2>\n\n\n\n<p>En enskild medarbetare har, genom ren uth\u00e5llighet, fortsatt kr\u00e4va insyn.<\/p>\n\n\n\n<p>Efter ett \u00e5r b\u00f6rjar handlingar komma fram.<\/p>\n\n\n\n<p>Det s\u00e4ger allt.<\/p>\n\n\n\n<p>Det som skulle vara \u00f6ppet fr\u00e5n b\u00f6rjan har aktivt h\u00e5llits tillbaka.<\/p>\n\n\n\n<p>Och nu granskas \u00e4rendet av Justitieombudsmannen.<\/p>\n\n\n\n<p>Det h\u00e4nder inte av en slump.<\/p>\n\n\n\n<p>Det h\u00e4nder n\u00e4r n\u00e5got g\u00e5tt riktigt fel.<\/p>\n\n\n\n<h2 class=\"wp-block-heading\"><strong>N\u00e4r ansvariga f\u00f6rsvinner \u2013 utan att st\u00e4llas till svars<\/strong><\/h2>\n\n\n\n<p>Samtidigt l\u00e4mnar verksamhetschef och enhetschef sina tj\u00e4nster.<\/p>\n\n\n\n<p>Utan dokumentation.<\/p>\n\n\n\n<p>Utan redovisning.<\/p>\n\n\n\n<p>Utan sp\u00e5r.<\/p>\n\n\n\n<p>Enligt HR finns inga handlingar.<\/p>\n\n\n\n<p>I en verksamhet d\u00e4r:<\/p>\n\n\n\n<ul class=\"wp-block-list\">\n<li>larm slagits<\/li>\n\n\n\n<li>brister konstaterats<\/li>\n\n\n\n<li>ledarskapet kritiserats<\/li>\n<\/ul>\n\n\n\n<p>\u2026finns det \u00e4nd\u00e5 ingen f\u00f6rklaring.<\/p>\n\n\n\n<p>Det \u00e4r inte bara anm\u00e4rkningsv\u00e4rt.<\/p>\n\n\n\n<p>Det \u00e4r oacceptabelt.<\/p>\n\n\n\n<h2 class=\"wp-block-heading\"><br><br><strong>N\u00e4r en grupps uppfattning blir \u201cbevis\u201d<\/strong><\/h2>\n\n\n\n<p>Utredningen bygger p\u00e5 uppgifter fr\u00e5n en personalgrupp i en verksamhet som pr\u00e4glas av:<\/p>\n\n\n\n<ul class=\"wp-block-list\">\n<li>konflikter<\/li>\n\n\n\n<li>otrygghet<\/li>\n\n\n\n<li>bristande ledarskap<\/li>\n<\/ul>\n\n\n\n<p>I en s\u00e5dan milj\u00f6 uppst\u00e5r l\u00e4tt gemensamma bilder.<\/p>\n\n\n\n<p>Men n\u00e4r dessa inte pr\u00f6vas oberoende, utan tas som sanning, h\u00e4nder n\u00e5got farligt:<\/p>\n\n\n\n<p>En individ definieras av gruppen.<\/p>\n\n\n\n<p>Det \u00e4r s\u00e5 en mobb uppst\u00e5r.<\/p>\n\n\n\n<h2 class=\"wp-block-heading\"><br><strong>Det h\u00e4r \u00e4r inte ett misstag \u2013 det \u00e4r ett systemfel<\/strong><\/h2>\n\n\n\n<p>Det vi ser \u00e4r en organisation d\u00e4r:<\/p>\n\n\n\n<ul class=\"wp-block-list\">\n<li>problemen varit k\u00e4nda<\/li>\n\n\n\n<li>personal slagit larm<\/li>\n\n\n\n<li>myndigheter slagit fast brister<\/li>\n\n\n\n<li>den egna organisationen bekr\u00e4ftat ledarskapsproblem<\/li>\n\n\n\n<li>en anst\u00e4lld isolerats<\/li>\n\n\n\n<li>handlingar undanh\u00e5llits<\/li>\n\n\n\n<li>ansvariga l\u00e4mnat utan f\u00f6rklaring<\/li>\n\n\n\n<li>granskning nu sker p\u00e5 h\u00f6gsta niv\u00e5<\/li>\n<\/ul>\n\n\n\n<p>Och \u00e4nd\u00e5 riktas fokus mot en individ.<br><\/p>\n\n\n\n<h2 class=\"wp-block-heading\"><strong>Fr\u00e5gan som m\u00e5ste st\u00e4llas<\/strong><\/h2>\n\n\n\n<p>Hur m\u00e5nga fler ska beh\u00f6va b\u00e4ra konsekvenserna av en ledning som inte tar ansvar?<\/p>\n\n\n\n<p>F\u00f6r det h\u00e4r handlar inte om en person.<\/p>\n\n\n\n<p>Det handlar om en struktur som skyddar sig sj\u00e4lv.<\/p>\n\n\n\n<p>Och tills det \u00e4ndras kommer samma sak att h\u00e4nda igen.<\/p>\n\n\n\n<p><br><strong>Jimmy Steffensen<\/strong><br><br>L\u00e4nk:<br><a href=\"https:\/\/arbetet.se\/2025\/05\/21\/bajs-overallt-och-stryptag-mot-anstallda-cheferna-pa-lss-boendet-skyller-pa-personalen\/\">https:\/\/arbetet.se\/2025\/05\/21\/bajs-overallt-och-stryptag-mot-anstallda-cheferna-pa-lss-boendet-skyller-pa-personalen\/<\/a><br><br><br>K\u00e4lla:<\/p>\n\n\n\n<div data-wp-interactive=\"core\/file\" class=\"wp-block-file\"><object data-wp-bind--hidden=\"!state.hasPdfPreview\" hidden class=\"wp-block-file__embed\" data=\"https:\/\/muteborg.se\/wp-content\/uploads\/2026\/04\/tillsyn.pdf\" type=\"application\/pdf\" style=\"width:100%;height:600px\" aria-label=\"Inb\u00e4ddning av tillsyn.\"><\/object><a id=\"wp-block-file--media-772f43c6-0f22-46c7-b9f8-26df2681612b\" href=\"https:\/\/muteborg.se\/wp-content\/uploads\/2026\/04\/tillsyn.pdf\">tillsyn<\/a><a href=\"https:\/\/muteborg.se\/wp-content\/uploads\/2026\/04\/tillsyn.pdf\" class=\"wp-block-file__button wp-element-button\" download aria-describedby=\"wp-block-file--media-772f43c6-0f22-46c7-b9f8-26df2681612b\">Ladda ner<\/a><\/div>\n","protected":false},"excerpt":{"rendered":"<p>Det h\u00e4r handlar inte om en person. Det handlar om en organisation som har tappat kontrollen. N\u00e4r personal slog larm handlade det om allvarliga missf\u00f6rh\u00e5llanden: v\u00e5ld, otrygghet, bristande st\u00f6d och en verksamhet som inte fungerade. F\u00f6rst d\u00e5 agerade tillsynsmyndigheten. Och slutsatsen var tydlig \u2013 verksamheten uppfyller inte kraven p\u00e5 god kvalitet Detta \u00e4r inte en [&hellip;]<\/p>\n","protected":false},"author":1,"featured_media":123,"comment_status":"open","ping_status":"open","sticky":false,"template":"","format":"standard","meta":{"footnotes":""},"categories":[6,7],"tags":[],"class_list":["post-117","post","type-post","status-publish","format-standard","has-post-thumbnail","hentry","category-forvaltningen-for-funktionsstod","category-granskning"],"_links":{"self":[{"href":"https:\/\/muteborg.se\/index.php\/wp-json\/wp\/v2\/posts\/117","targetHints":{"allow":["GET"]}}],"collection":[{"href":"https:\/\/muteborg.se\/index.php\/wp-json\/wp\/v2\/posts"}],"about":[{"href":"https:\/\/muteborg.se\/index.php\/wp-json\/wp\/v2\/types\/post"}],"author":[{"embeddable":true,"href":"https:\/\/muteborg.se\/index.php\/wp-json\/wp\/v2\/users\/1"}],"replies":[{"embeddable":true,"href":"https:\/\/muteborg.se\/index.php\/wp-json\/wp\/v2\/comments?post=117"}],"version-history":[{"count":3,"href":"https:\/\/muteborg.se\/index.php\/wp-json\/wp\/v2\/posts\/117\/revisions"}],"predecessor-version":[{"id":124,"href":"https:\/\/muteborg.se\/index.php\/wp-json\/wp\/v2\/posts\/117\/revisions\/124"}],"wp:featuredmedia":[{"embeddable":true,"href":"https:\/\/muteborg.se\/index.php\/wp-json\/wp\/v2\/media\/123"}],"wp:attachment":[{"href":"https:\/\/muteborg.se\/index.php\/wp-json\/wp\/v2\/media?parent=117"}],"wp:term":[{"taxonomy":"category","embeddable":true,"href":"https:\/\/muteborg.se\/index.php\/wp-json\/wp\/v2\/categories?post=117"},{"taxonomy":"post_tag","embeddable":true,"href":"https:\/\/muteborg.se\/index.php\/wp-json\/wp\/v2\/tags?post=117"}],"curies":[{"name":"wp","href":"https:\/\/api.w.org\/{rel}","templated":true}]}}